{"id":1481,"date":"2025-09-07T23:54:08","date_gmt":"2025-09-07T21:54:08","guid":{"rendered":"https:\/\/sfassisf.com\/?p=1481"},"modified":"2025-09-07T23:57:45","modified_gmt":"2025-09-07T21:57:45","slug":"nou-servei-de-catering-de-menjador-a-lescola-per-al-curs-25-26","status":"publish","type":"post","link":"https:\/\/sfassisf.com\/?p=1481","title":{"rendered":"Nou servei de C\u00e0tering de Menjador a l\u2019escola per al curs 25-26"},"content":{"rendered":"\n<p class=\"has-text-align-justify\">Benvolguts i benvolgudes,<br>Ara fa poc m\u00e9s d\u2019un any, i gr\u00e0cies a la iniciativa de l\u2019AMPA de l\u2019escola, es va posar en marxa el servei de guarda de Menjador en el qual hi ha participat un bon n\u00famero d\u2019infants. Fins ara els alumnes han portat el seu propi dinar oferint l\u2019AMPA l\u2019acompanyament d\u2019una monitora de menjador. Volem agrair l\u2019esfor\u00e7 i el suport del grup de mares i pares de l\u2019AMPA que ens empenyen a seguir millorant la nostra escola.<br><\/p>\n\n\n\n<p class=\"has-text-align-justify\"><strong>Nou Servei de C\u00e0tering<\/strong><br>Per al curs 2025-26 introduirem alguns canvis, amb la idea de seguir millorant aquest servei de Menjador Escolar i que ser\u00e0 gestionat directament per la direcci\u00f3 de l\u2019escola. A partir del nou curs hi haur\u00e0 Servei de C\u00e0tering a l\u2019escola a trav\u00e9s d\u2019un acord amb el Restaurant Escola Ca n\u2019Aguedet d\u2019Es Mercadal.<br>El Restaurant Escola Ca n\u2019Aguedet \u00e9s una iniciativa de C\u00e0ritas Diocesana de Menorca que impulsa la inclusi\u00f3 laboral oferint formaci\u00f3 i feina a persones en situaci\u00f3 d\u2019exclusi\u00f3. Aquests dos darrers anys Ca n\u2019Aguedet ha ofert el servei de Menjador a l\u2019Escola Infantil Arc de Sant Mart\u00ed d\u2019Es Mercadal. I a partir del proper curs t\u00e9 previst oferir aquest mateix servei a altres escoles de diferents poblacions menorquines, entre elles Sant Francesc d\u2019Ass\u00eds de Ferreries. El servei que ofereix Ca n\u2019Aguedet est\u00e0 assessorat per professionals nutricionistes i de la restauraci\u00f3.<br>El Menjador de l\u2019Escola continuar\u00e0 estant ubicat a l\u2019edifici de la Pla\u00e7a Espanya obert a l\u2019alumnat de totes les etapes educatives: Infantil, Prim\u00e0ria i Secund\u00e0ria.<br>El preu del Servei de Menjador ser\u00e0 el seg\u00fcent, segons cada etapa, de Setembre a Juny, i s\u2019haur\u00e0 de sol\u00b7licitar a la secretaria de l\u2019escola:<\/p>\n\n\n\n<ul><li>Etapa INFANTIL i PRIM\u00c0RIA:<ul><li>6,75\u20ac IVA incl\u00f2s\/dia en prestaci\u00f3 fixa (com a m\u00ednim 2 dies a la setmana).<br>Domiciliaci\u00f3 banc\u00e0ria.<\/li><li>7,45\u20ac IVA incl\u00f2s\/dia en servei ocasional (un dia a la setmana o de forma puntual).<\/li><\/ul><\/li><\/ul>\n\n\n\n<ul><li>Etapa SECUND\u00c0RIA:<ul><li>7,80\u20ac IVA incl\u00f2s\/dia en prestaci\u00f3 fixa (com a m\u00ednim 2 dies a la setmana).<br>Domiciliaci\u00f3 banc\u00e0ria.<\/li><li>8,40\u20ac IVA incl\u00f2s\/dia en servei ocasional (un dia a la setmana o de forma puntual).<\/li><\/ul><\/li><\/ul>\n\n\n\n<p class=\"has-text-align-justify\"><\/p>\n","protected":false},"excerpt":{"rendered":"<p>Benvolguts i benvolgudes,Ara fa poc m\u00e9s d\u2019un any, i gr\u00e0cies a la iniciativa de l\u2019AMPA de l\u2019escola, es va posar en marxa el servei de guarda de Menjador en el qual hi ha participat un bon n\u00famero d\u2019infants. Fins ara els alumnes han portat el seu propi dinar oferint l\u2019AMPA l\u2019acompanyament d\u2019una monitora de menjador. [&hellip;]<\/p>\n","protected":false},"author":1,"featured_media":0,"comment_status":"closed","ping_status":"closed","sticky":false,"template":"","format":"standard","meta":{"ngg_post_thumbnail":0,"jetpack_publicize_message":"","jetpack_is_tweetstorm":false,"jetpack_publicize_feature_enabled":true},"categories":[1],"tags":[],"jetpack_publicize_connections":[],"jetpack_featured_media_url":"","jetpack_sharing_enabled":true,"jetpack_shortlink":"https:\/\/wp.me\/p9f2GC-nT","jetpack-related-posts":[{"id":1432,"url":"https:\/\/sfassisf.com\/?p=1432","url_meta":{"origin":1481,"position":0},"title":"ESCACS A L\u2019ESCOLA","date":"20\/05\/2025","format":false,"excerpt":"La nostra escola forma part del programa Escacs a l\u2019Escola impulsat pel Servei d\u2019Innovaci\u00f3 Educativa. Aquest programa pret\u00e9n facilitar als centres educatius la implantaci\u00f3 i el foment de la pr\u00e0ctica dels escacs com a eina pedag\u00f2gica per enriquir el proc\u00e9s d\u2019ensenyament i aprenentatge dels infants i per ajudar a desenvolupar\u2026","rel":"","context":"Similar post","img":{"alt_text":"","src":"","width":0,"height":0},"classes":[]},{"id":808,"url":"https:\/\/sfassisf.com\/?p=808","url_meta":{"origin":1481,"position":1},"title":"Comen\u00e7a el curs","date":"11\/10\/2018","format":false,"excerpt":"Encara que una mica tard, feim la primera entrada del nou curs 2018\/2019 amb la intenci\u00f3 de ser m\u00e9s constants i actius en aquest punt.\u00a0 El curs comen\u00e7a amb algunes novetats que, de ben segur, ja us varen explicar les tutores i els tutors en les diferents reunions d'aula. Ja\u2026","rel":"","context":"Similar post","img":{"alt_text":"","src":"https:\/\/i0.wp.com\/sfassisf.com\/wp-content\/uploads\/2018\/09\/IMG_6486.jpg?resize=350%2C200&ssl=1","width":350,"height":200},"classes":[]},{"id":1069,"url":"https:\/\/sfassisf.com\/?p=1069","url_meta":{"origin":1481,"position":2},"title":"Bon curs 2020\/2021!","date":"16\/09\/2020","format":false,"excerpt":"Iniciam un nou curs i com sempre, el comen\u00e7am amb molta il\u00b7lusi\u00f3. Sabem que \u00e9s un curs ben diferent i especial, per\u00f2 farem el possible per aconseguir donar normalitat a una situaci\u00f3 que \u00e9s ben nova per a tothom. Ens adaptarem i flexibilitzarem els recursos per tal de treure'n el\u2026","rel":"","context":"Similar post","img":{"alt_text":"","src":"https:\/\/i0.wp.com\/sfassisf.com\/wp-content\/uploads\/2020\/09\/lema-min.png?resize=350%2C200&ssl=1","width":350,"height":200},"classes":[]},{"id":306,"url":"https:\/\/sfassisf.com\/?p=306","url_meta":{"origin":1481,"position":3},"title":"Primer dia d&#8217;escola","date":"03\/10\/2017","format":false,"excerpt":"\u00a0 Hem comen\u00e7at el curs amb les piles ben carregades! Les filletes i fillets de prim\u00e0ria i els joves de secund\u00e0ria vam celebrar aquest inici amb unes trobades conjuntes on van demostrar que estan motivad\u00edssims per arrencar el nou curs amb energia.\u00a0 El nostre lema de centre per a aquest\u2026","rel":"","context":"Similar post","img":{"alt_text":"","src":"https:\/\/i0.wp.com\/sfassisf.com\/wp-content\/uploads\/2017\/09\/IMG_8255-300x200.jpg?resize=350%2C200","width":350,"height":200},"classes":[]},{"id":774,"url":"https:\/\/sfassisf.com\/?p=774","url_meta":{"origin":1481,"position":4},"title":"Acabam el curs!","date":"25\/06\/2018","format":false,"excerpt":"Com cada any, en arribar aquestes dates, l'escola duu a terme una s\u00e8rie d'activitats que serveixen per tancar el curs. El Festival d'Estiu va tenir lloc el divendres dia 15 de juny i va comptar amb la participaci\u00f3 dels cursos d'educaci\u00f3 infantil i els d'educaci\u00f3 prim\u00e0ria, amb l'ajut inestimable d'alguns\u2026","rel":"","context":"Similar post","img":{"alt_text":"","src":"","width":0,"height":0},"classes":[]},{"id":1002,"url":"https:\/\/sfassisf.com\/?p=1002","url_meta":{"origin":1481,"position":5},"title":"PROC\u00c9S D&#8217;ESCOLARITZACI\u00d3 2020-2021","date":"12\/05\/2020","format":false,"excerpt":"Comen\u00e7a el proc\u00e9s d'escolaritzaci\u00f3 pel proper curs 2020-2021 i aqu\u00ed podreu trobar tota la informaci\u00f3 referent al mateix.","rel":"","context":"Similar post","img":{"alt_text":"","src":"https:\/\/i0.wp.com\/sfassisf.com\/wp-content\/uploads\/2020\/05\/Anotaci\u00f3-2020-05-26-130354.png?resize=350%2C200&ssl=1","width":350,"height":200},"classes":[]}],"_links":{"self":[{"href":"https:\/\/sfassisf.com\/index.php?rest_route=\/wp\/v2\/posts\/1481"}],"collection":[{"href":"https:\/\/sfassisf.com\/index.php?rest_route=\/wp\/v2\/posts"}],"about":[{"href":"https:\/\/sfassisf.com\/index.php?rest_route=\/wp\/v2\/types\/post"}],"author":[{"embeddable":true,"href":"https:\/\/sfassisf.com\/index.php?rest_route=\/wp\/v2\/users\/1"}],"replies":[{"embeddable":true,"href":"https:\/\/sfassisf.com\/index.php?rest_route=%2Fwp%2Fv2%2Fcomments&post=1481"}],"version-history":[{"count":5,"href":"https:\/\/sfassisf.com\/index.php?rest_route=\/wp\/v2\/posts\/1481\/revisions"}],"predecessor-version":[{"id":1486,"href":"https:\/\/sfassisf.com\/index.php?rest_route=\/wp\/v2\/posts\/1481\/revisions\/1486"}],"wp:attachment":[{"href":"https:\/\/sfassisf.com\/index.php?rest_route=%2Fwp%2Fv2%2Fmedia&parent=1481"}],"wp:term":[{"taxonomy":"category","embeddable":true,"href":"https:\/\/sfassisf.com\/index.php?rest_route=%2Fwp%2Fv2%2Fcategories&post=1481"},{"taxonomy":"post_tag","embeddable":true,"href":"https:\/\/sfassisf.com\/index.php?rest_route=%2Fwp%2Fv2%2Ftags&post=1481"}],"curies":[{"name":"wp","href":"https:\/\/api.w.org\/{rel}","templated":true}]}}